{"id":543,"date":"2022-12-07T15:22:51","date_gmt":"2022-12-07T15:22:51","guid":{"rendered":"https:\/\/lasomniada.com\/video-presentacion-la-somniada\/"},"modified":"2023-03-06T11:22:21","modified_gmt":"2023-03-06T11:22:21","slug":"video-presentacion-la-somniada","status":"publish","type":"post","link":"https:\/\/lasomniada.com\/ca\/video-presentacion-la-somniada\/","title":{"rendered":"V\u00eddeo presentaci\u00f3 &#8220;La somniada&#8221;"},"content":{"rendered":"<p><iframe loading=\"lazy\" title=\"YouTube video player\" src=\"https:\/\/www.youtube.com\/embed\/-Vfky0yxQGE\" width=\"560\" height=\"315\" frameborder=\"0\" allowfullscreen=\"allowfullscreen\"><\/iframe><\/p>\n<p><em>7\/12\/2022<\/em><\/p>\n<p>Preci\u00f3s v\u00eddeo amb qu\u00e8 van presentar el nostre projecte \u00abCerveseria artesana i ecol\u00f2gica L\u2019Auda\u00e7 \u2013 La Somniada\u00bb a la gala de premis d\u2019Innovagrowomed \u2013 ENI CBC Med a Espanya a l\u2019Agrof\u00f2rum organitzat per Jovesolides el passat 4 de novembre.<br \/>\nOrgulloses i molt felices ja que amb el premi podrem continuar consolidant i fent cr\u00e9ixer el nostre somni: La Somniada.<\/p>\n","protected":false},"excerpt":{"rendered":"<p>7\/12\/2022 Preci\u00f3s v\u00eddeo amb qu\u00e8 van presentar el nostre projecte \u00abCerveseria artesana i ecol\u00f2gica L\u2019Auda\u00e7 \u2013 La Somniada\u00bb a la gala de premis d\u2019Innovagrowomed \u2013 ENI CBC Med a Espanya a l\u2019Agrof\u00f2rum organitzat per Jovesolides el passat 4 de novembre. Orgulloses i molt felices ja que amb el premi podrem continuar consolidant i fent cr\u00e9ixer&hellip; <a class=\"continue\" href=\"https:\/\/lasomniada.com\/ca\/video-presentacion-la-somniada\/\">leer m\u00e1s<span> V\u00eddeo presentaci\u00f3 &#8220;La somniada&#8221;<\/span><\/a><\/p>\n","protected":false},"author":1,"featured_media":474,"comment_status":"open","ping_status":"open","sticky":false,"template":"","format":"standard","meta":{"footnotes":""},"categories":[42],"tags":[],"class_list":["post-543","post","type-post","status-publish","format-standard","has-post-thumbnail","hentry","category-cerveceria-artesana-y-ecologica-laudac-ca"],"yoast_head":"<!-- This site is optimized with the Yoast SEO plugin v27.4 - https:\/\/yoast.com\/product\/yoast-seo-wordpress\/ -->\n<title>V\u00eddeo presentaci\u00f3 &quot;La somniada&quot; - Cervecer\u00eda L&#039;auda\u00e7 - La Somniada Coop.V<\/title>\n<meta name=\"robots\" content=\"index, follow, max-snippet:-1, max-image-preview:large, max-video-preview:-1\" \/>\n<link rel=\"canonical\" href=\"https:\/\/lasomniada.com\/ca\/video-presentacion-la-somniada\/\" \/>\n<meta property=\"og:locale\" content=\"en_US\" \/>\n<meta property=\"og:type\" content=\"article\" \/>\n<meta property=\"og:title\" content=\"V\u00eddeo presentaci\u00f3 &quot;La somniada&quot; - Cervecer\u00eda L&#039;auda\u00e7 - La Somniada Coop.V\" \/>\n<meta property=\"og:description\" content=\"7\/12\/2022 Preci\u00f3s v\u00eddeo amb qu\u00e8 van presentar el nostre projecte \u00abCerveseria artesana i ecol\u00f2gica L\u2019Auda\u00e7 \u2013 La Somniada\u00bb a la gala de premis d\u2019Innovagrowomed \u2013 ENI CBC Med a Espanya a l\u2019Agrof\u00f2rum organitzat per Jovesolides el passat 4 de novembre. Orgulloses i molt felices ja que amb el premi podrem continuar consolidant i fent cr\u00e9ixer&hellip; leer m\u00e1s V\u00eddeo presentaci\u00f3 &#8220;La somniada&#8221;\" \/>\n<meta property=\"og:url\" content=\"https:\/\/lasomniada.com\/ca\/video-presentacion-la-somniada\/\" \/>\n<meta property=\"og:site_name\" content=\"Cervecer\u00eda L&#039;auda\u00e7 - La Somniada Coop.V\" \/>\n<meta property=\"article:publisher\" content=\"https:\/\/www.facebook.com\/profile.php?id=100076092644625\" \/>\n<meta property=\"article:published_time\" content=\"2022-12-07T15:22:51+00:00\" \/>\n<meta property=\"article:modified_time\" content=\"2023-03-06T11:22:21+00:00\" \/>\n<meta property=\"og:image\" content=\"https:\/\/lasomniada.com\/wp-content\/uploads\/2022\/12\/Captura-de-pantalla-2023-02-28-a-las-16.09.42.png\" \/>\n\t<meta property=\"og:image:width\" content=\"1917\" \/>\n\t<meta property=\"og:image:height\" content=\"809\" \/>\n\t<meta property=\"og:image:type\" content=\"image\/png\" \/>\n<meta name=\"author\" content=\"admin-mbl\" \/>\n<meta name=\"twitter:card\" content=\"summary_large_image\" \/>\n<meta name=\"twitter:label1\" content=\"Written by\" \/>\n\t<meta name=\"twitter:data1\" content=\"admin-mbl\" \/>\n\t<meta name=\"twitter:label2\" content=\"Est. reading time\" \/>\n\t<meta name=\"twitter:data2\" content=\"1 minute\" \/>\n<script type=\"application\/ld+json\" class=\"yoast-schema-graph\">{\"@context\":\"https:\\\/\\\/schema.org\",\"@graph\":[{\"@type\":\"Article\",\"@id\":\"https:\\\/\\\/lasomniada.com\\\/ca\\\/video-presentacion-la-somniada\\\/#article\",\"isPartOf\":{\"@id\":\"https:\\\/\\\/lasomniada.com\\\/ca\\\/video-presentacion-la-somniada\\\/\"},\"author\":{\"name\":\"admin-mbl\",\"@id\":\"https:\\\/\\\/lasomniada.com\\\/#\\\/schema\\\/person\\\/2f634e5b2c24a7ef4c33463e8ff01bfb\"},\"headline\":\"V\u00eddeo presentaci\u00f3 &#8220;La somniada&#8221;\",\"datePublished\":\"2022-12-07T15:22:51+00:00\",\"dateModified\":\"2023-03-06T11:22:21+00:00\",\"mainEntityOfPage\":{\"@id\":\"https:\\\/\\\/lasomniada.com\\\/ca\\\/video-presentacion-la-somniada\\\/\"},\"wordCount\":69,\"commentCount\":0,\"publisher\":{\"@id\":\"https:\\\/\\\/lasomniada.com\\\/#organization\"},\"image\":{\"@id\":\"https:\\\/\\\/lasomniada.com\\\/ca\\\/video-presentacion-la-somniada\\\/#primaryimage\"},\"thumbnailUrl\":\"https:\\\/\\\/lasomniada.com\\\/wp-content\\\/uploads\\\/2022\\\/12\\\/Captura-de-pantalla-2023-02-28-a-las-16.09.42.png\",\"articleSection\":[\"Cervecer\u00eda L\u2019Auda\u00e7\"],\"inLanguage\":\"val\",\"potentialAction\":[{\"@type\":\"CommentAction\",\"name\":\"Comment\",\"target\":[\"https:\\\/\\\/lasomniada.com\\\/ca\\\/video-presentacion-la-somniada\\\/#respond\"]}]},{\"@type\":\"WebPage\",\"@id\":\"https:\\\/\\\/lasomniada.com\\\/ca\\\/video-presentacion-la-somniada\\\/\",\"url\":\"https:\\\/\\\/lasomniada.com\\\/ca\\\/video-presentacion-la-somniada\\\/\",\"name\":\"V\u00eddeo presentaci\u00f3 \\\"La somniada\\\" - Cervecer\u00eda L&#039;auda\u00e7 - La Somniada Coop.V\",\"isPartOf\":{\"@id\":\"https:\\\/\\\/lasomniada.com\\\/#website\"},\"primaryImageOfPage\":{\"@id\":\"https:\\\/\\\/lasomniada.com\\\/ca\\\/video-presentacion-la-somniada\\\/#primaryimage\"},\"image\":{\"@id\":\"https:\\\/\\\/lasomniada.com\\\/ca\\\/video-presentacion-la-somniada\\\/#primaryimage\"},\"thumbnailUrl\":\"https:\\\/\\\/lasomniada.com\\\/wp-content\\\/uploads\\\/2022\\\/12\\\/Captura-de-pantalla-2023-02-28-a-las-16.09.42.png\",\"datePublished\":\"2022-12-07T15:22:51+00:00\",\"dateModified\":\"2023-03-06T11:22:21+00:00\",\"breadcrumb\":{\"@id\":\"https:\\\/\\\/lasomniada.com\\\/ca\\\/video-presentacion-la-somniada\\\/#breadcrumb\"},\"inLanguage\":\"val\",\"potentialAction\":[{\"@type\":\"ReadAction\",\"target\":[\"https:\\\/\\\/lasomniada.com\\\/ca\\\/video-presentacion-la-somniada\\\/\"]}]},{\"@type\":\"ImageObject\",\"inLanguage\":\"val\",\"@id\":\"https:\\\/\\\/lasomniada.com\\\/ca\\\/video-presentacion-la-somniada\\\/#primaryimage\",\"url\":\"https:\\\/\\\/lasomniada.com\\\/wp-content\\\/uploads\\\/2022\\\/12\\\/Captura-de-pantalla-2023-02-28-a-las-16.09.42.png\",\"contentUrl\":\"https:\\\/\\\/lasomniada.com\\\/wp-content\\\/uploads\\\/2022\\\/12\\\/Captura-de-pantalla-2023-02-28-a-las-16.09.42.png\",\"width\":1917,\"height\":809,\"caption\":\"La somnniada produccion de cerveza\"},{\"@type\":\"BreadcrumbList\",\"@id\":\"https:\\\/\\\/lasomniada.com\\\/ca\\\/video-presentacion-la-somniada\\\/#breadcrumb\",\"itemListElement\":[{\"@type\":\"ListItem\",\"position\":1,\"name\":\"Inicio\",\"item\":\"https:\\\/\\\/lasomniada.com\\\/ca\\\/\"},{\"@type\":\"ListItem\",\"position\":2,\"name\":\"V\u00eddeo presentaci\u00f3 \u00abLa somniada\u00bb\"}]},{\"@type\":\"WebSite\",\"@id\":\"https:\\\/\\\/lasomniada.com\\\/#website\",\"url\":\"https:\\\/\\\/lasomniada.com\\\/\",\"name\":\"La somniada\",\"description\":\"Cerveza artesana ecol\u00f3gica\",\"publisher\":{\"@id\":\"https:\\\/\\\/lasomniada.com\\\/#organization\"},\"alternateName\":\"L'auda\u00e7\",\"potentialAction\":[{\"@type\":\"SearchAction\",\"target\":{\"@type\":\"EntryPoint\",\"urlTemplate\":\"https:\\\/\\\/lasomniada.com\\\/?s={search_term_string}\"},\"query-input\":{\"@type\":\"PropertyValueSpecification\",\"valueRequired\":true,\"valueName\":\"search_term_string\"}}],\"inLanguage\":\"val\"},{\"@type\":\"Organization\",\"@id\":\"https:\\\/\\\/lasomniada.com\\\/#organization\",\"name\":\"La somniada\",\"alternateName\":\"L'auda\u00e7\",\"url\":\"https:\\\/\\\/lasomniada.com\\\/\",\"logo\":{\"@type\":\"ImageObject\",\"inLanguage\":\"val\",\"@id\":\"https:\\\/\\\/lasomniada.com\\\/#\\\/schema\\\/logo\\\/image\\\/\",\"url\":\"https:\\\/\\\/lasomniada.com\\\/wp-content\\\/uploads\\\/2023\\\/03\\\/audac.png\",\"contentUrl\":\"https:\\\/\\\/lasomniada.com\\\/wp-content\\\/uploads\\\/2023\\\/03\\\/audac.png\",\"width\":300,\"height\":300,\"caption\":\"La somniada\"},\"image\":{\"@id\":\"https:\\\/\\\/lasomniada.com\\\/#\\\/schema\\\/logo\\\/image\\\/\"},\"sameAs\":[\"https:\\\/\\\/www.facebook.com\\\/profile.php?id=100076092644625\",\"https:\\\/\\\/www.instagram.com\\\/lasomniada\\\/\",\"https:\\\/\\\/wwoof.es\\\/es\\\/host\\\/46496-elaboracion-de-cerveza-artesanal-y-ecologica\"]},{\"@type\":\"Person\",\"@id\":\"https:\\\/\\\/lasomniada.com\\\/#\\\/schema\\\/person\\\/2f634e5b2c24a7ef4c33463e8ff01bfb\",\"name\":\"admin-mbl\",\"image\":{\"@type\":\"ImageObject\",\"inLanguage\":\"val\",\"@id\":\"https:\\\/\\\/secure.gravatar.com\\\/avatar\\\/37b1f5e3b048aadda70b8dd702b0fd70b13a282ab13ae86da82acf3f11d32fad?s=96&d=mm&r=g\",\"url\":\"https:\\\/\\\/secure.gravatar.com\\\/avatar\\\/37b1f5e3b048aadda70b8dd702b0fd70b13a282ab13ae86da82acf3f11d32fad?s=96&d=mm&r=g\",\"contentUrl\":\"https:\\\/\\\/secure.gravatar.com\\\/avatar\\\/37b1f5e3b048aadda70b8dd702b0fd70b13a282ab13ae86da82acf3f11d32fad?s=96&d=mm&r=g\",\"caption\":\"admin-mbl\"},\"sameAs\":[\"https:\\\/\\\/lasomniada.com\"]}]}<\/script>\n<!-- \/ Yoast SEO plugin. -->","yoast_head_json":{"title":"V\u00eddeo presentaci\u00f3 \"La somniada\" - Cervecer\u00eda L&#039;auda\u00e7 - La Somniada Coop.V","robots":{"index":"index","follow":"follow","max-snippet":"max-snippet:-1","max-image-preview":"max-image-preview:large","max-video-preview":"max-video-preview:-1"},"canonical":"https:\/\/lasomniada.com\/ca\/video-presentacion-la-somniada\/","og_locale":"en_US","og_type":"article","og_title":"V\u00eddeo presentaci\u00f3 \"La somniada\" - Cervecer\u00eda L&#039;auda\u00e7 - La Somniada Coop.V","og_description":"7\/12\/2022 Preci\u00f3s v\u00eddeo amb qu\u00e8 van presentar el nostre projecte \u00abCerveseria artesana i ecol\u00f2gica L\u2019Auda\u00e7 \u2013 La Somniada\u00bb a la gala de premis d\u2019Innovagrowomed \u2013 ENI CBC Med a Espanya a l\u2019Agrof\u00f2rum organitzat per Jovesolides el passat 4 de novembre. Orgulloses i molt felices ja que amb el premi podrem continuar consolidant i fent cr\u00e9ixer&hellip; leer m\u00e1s V\u00eddeo presentaci\u00f3 &#8220;La somniada&#8221;","og_url":"https:\/\/lasomniada.com\/ca\/video-presentacion-la-somniada\/","og_site_name":"Cervecer\u00eda L&#039;auda\u00e7 - La Somniada Coop.V","article_publisher":"https:\/\/www.facebook.com\/profile.php?id=100076092644625","article_published_time":"2022-12-07T15:22:51+00:00","article_modified_time":"2023-03-06T11:22:21+00:00","og_image":[{"width":1917,"height":809,"url":"https:\/\/lasomniada.com\/wp-content\/uploads\/2022\/12\/Captura-de-pantalla-2023-02-28-a-las-16.09.42.png","type":"image\/png"}],"author":"admin-mbl","twitter_card":"summary_large_image","twitter_misc":{"Written by":"admin-mbl","Est. reading time":"1 minute"},"schema":{"@context":"https:\/\/schema.org","@graph":[{"@type":"Article","@id":"https:\/\/lasomniada.com\/ca\/video-presentacion-la-somniada\/#article","isPartOf":{"@id":"https:\/\/lasomniada.com\/ca\/video-presentacion-la-somniada\/"},"author":{"name":"admin-mbl","@id":"https:\/\/lasomniada.com\/#\/schema\/person\/2f634e5b2c24a7ef4c33463e8ff01bfb"},"headline":"V\u00eddeo presentaci\u00f3 &#8220;La somniada&#8221;","datePublished":"2022-12-07T15:22:51+00:00","dateModified":"2023-03-06T11:22:21+00:00","mainEntityOfPage":{"@id":"https:\/\/lasomniada.com\/ca\/video-presentacion-la-somniada\/"},"wordCount":69,"commentCount":0,"publisher":{"@id":"https:\/\/lasomniada.com\/#organization"},"image":{"@id":"https:\/\/lasomniada.com\/ca\/video-presentacion-la-somniada\/#primaryimage"},"thumbnailUrl":"https:\/\/lasomniada.com\/wp-content\/uploads\/2022\/12\/Captura-de-pantalla-2023-02-28-a-las-16.09.42.png","articleSection":["Cervecer\u00eda L\u2019Auda\u00e7"],"inLanguage":"val","potentialAction":[{"@type":"CommentAction","name":"Comment","target":["https:\/\/lasomniada.com\/ca\/video-presentacion-la-somniada\/#respond"]}]},{"@type":"WebPage","@id":"https:\/\/lasomniada.com\/ca\/video-presentacion-la-somniada\/","url":"https:\/\/lasomniada.com\/ca\/video-presentacion-la-somniada\/","name":"V\u00eddeo presentaci\u00f3 \"La somniada\" - Cervecer\u00eda L&#039;auda\u00e7 - La Somniada Coop.V","isPartOf":{"@id":"https:\/\/lasomniada.com\/#website"},"primaryImageOfPage":{"@id":"https:\/\/lasomniada.com\/ca\/video-presentacion-la-somniada\/#primaryimage"},"image":{"@id":"https:\/\/lasomniada.com\/ca\/video-presentacion-la-somniada\/#primaryimage"},"thumbnailUrl":"https:\/\/lasomniada.com\/wp-content\/uploads\/2022\/12\/Captura-de-pantalla-2023-02-28-a-las-16.09.42.png","datePublished":"2022-12-07T15:22:51+00:00","dateModified":"2023-03-06T11:22:21+00:00","breadcrumb":{"@id":"https:\/\/lasomniada.com\/ca\/video-presentacion-la-somniada\/#breadcrumb"},"inLanguage":"val","potentialAction":[{"@type":"ReadAction","target":["https:\/\/lasomniada.com\/ca\/video-presentacion-la-somniada\/"]}]},{"@type":"ImageObject","inLanguage":"val","@id":"https:\/\/lasomniada.com\/ca\/video-presentacion-la-somniada\/#primaryimage","url":"https:\/\/lasomniada.com\/wp-content\/uploads\/2022\/12\/Captura-de-pantalla-2023-02-28-a-las-16.09.42.png","contentUrl":"https:\/\/lasomniada.com\/wp-content\/uploads\/2022\/12\/Captura-de-pantalla-2023-02-28-a-las-16.09.42.png","width":1917,"height":809,"caption":"La somnniada produccion de cerveza"},{"@type":"BreadcrumbList","@id":"https:\/\/lasomniada.com\/ca\/video-presentacion-la-somniada\/#breadcrumb","itemListElement":[{"@type":"ListItem","position":1,"name":"Inicio","item":"https:\/\/lasomniada.com\/ca\/"},{"@type":"ListItem","position":2,"name":"V\u00eddeo presentaci\u00f3 \u00abLa somniada\u00bb"}]},{"@type":"WebSite","@id":"https:\/\/lasomniada.com\/#website","url":"https:\/\/lasomniada.com\/","name":"La somniada","description":"Cerveza artesana ecol\u00f3gica","publisher":{"@id":"https:\/\/lasomniada.com\/#organization"},"alternateName":"L'auda\u00e7","potentialAction":[{"@type":"SearchAction","target":{"@type":"EntryPoint","urlTemplate":"https:\/\/lasomniada.com\/?s={search_term_string}"},"query-input":{"@type":"PropertyValueSpecification","valueRequired":true,"valueName":"search_term_string"}}],"inLanguage":"val"},{"@type":"Organization","@id":"https:\/\/lasomniada.com\/#organization","name":"La somniada","alternateName":"L'auda\u00e7","url":"https:\/\/lasomniada.com\/","logo":{"@type":"ImageObject","inLanguage":"val","@id":"https:\/\/lasomniada.com\/#\/schema\/logo\/image\/","url":"https:\/\/lasomniada.com\/wp-content\/uploads\/2023\/03\/audac.png","contentUrl":"https:\/\/lasomniada.com\/wp-content\/uploads\/2023\/03\/audac.png","width":300,"height":300,"caption":"La somniada"},"image":{"@id":"https:\/\/lasomniada.com\/#\/schema\/logo\/image\/"},"sameAs":["https:\/\/www.facebook.com\/profile.php?id=100076092644625","https:\/\/www.instagram.com\/lasomniada\/","https:\/\/wwoof.es\/es\/host\/46496-elaboracion-de-cerveza-artesanal-y-ecologica"]},{"@type":"Person","@id":"https:\/\/lasomniada.com\/#\/schema\/person\/2f634e5b2c24a7ef4c33463e8ff01bfb","name":"admin-mbl","image":{"@type":"ImageObject","inLanguage":"val","@id":"https:\/\/secure.gravatar.com\/avatar\/37b1f5e3b048aadda70b8dd702b0fd70b13a282ab13ae86da82acf3f11d32fad?s=96&d=mm&r=g","url":"https:\/\/secure.gravatar.com\/avatar\/37b1f5e3b048aadda70b8dd702b0fd70b13a282ab13ae86da82acf3f11d32fad?s=96&d=mm&r=g","contentUrl":"https:\/\/secure.gravatar.com\/avatar\/37b1f5e3b048aadda70b8dd702b0fd70b13a282ab13ae86da82acf3f11d32fad?s=96&d=mm&r=g","caption":"admin-mbl"},"sameAs":["https:\/\/lasomniada.com"]}]}},"_links":{"self":[{"href":"https:\/\/lasomniada.com\/ca\/wp-json\/wp\/v2\/posts\/543","targetHints":{"allow":["GET"]}}],"collection":[{"href":"https:\/\/lasomniada.com\/ca\/wp-json\/wp\/v2\/posts"}],"about":[{"href":"https:\/\/lasomniada.com\/ca\/wp-json\/wp\/v2\/types\/post"}],"author":[{"embeddable":true,"href":"https:\/\/lasomniada.com\/ca\/wp-json\/wp\/v2\/users\/1"}],"replies":[{"embeddable":true,"href":"https:\/\/lasomniada.com\/ca\/wp-json\/wp\/v2\/comments?post=543"}],"version-history":[{"count":2,"href":"https:\/\/lasomniada.com\/ca\/wp-json\/wp\/v2\/posts\/543\/revisions"}],"predecessor-version":[{"id":545,"href":"https:\/\/lasomniada.com\/ca\/wp-json\/wp\/v2\/posts\/543\/revisions\/545"}],"wp:featuredmedia":[{"embeddable":true,"href":"https:\/\/lasomniada.com\/ca\/wp-json\/wp\/v2\/media\/474"}],"wp:attachment":[{"href":"https:\/\/lasomniada.com\/ca\/wp-json\/wp\/v2\/media?parent=543"}],"wp:term":[{"taxonomy":"category","embeddable":true,"href":"https:\/\/lasomniada.com\/ca\/wp-json\/wp\/v2\/categories?post=543"},{"taxonomy":"post_tag","embeddable":true,"href":"https:\/\/lasomniada.com\/ca\/wp-json\/wp\/v2\/tags?post=543"}],"curies":[{"name":"wp","href":"https:\/\/api.w.org\/{rel}","templated":true}]}}